{"id":111,"date":"2019-09-06T08:46:37","date_gmt":"2019-09-06T08:46:37","guid":{"rendered":"https:\/\/studiocome.it\/index.php\/news\/il-progetto-raffael-favore-di-una-omogeneita-territoriale-e-una-conciliazione-vita-lavoro\/"},"modified":"2019-09-06T08:46:37","modified_gmt":"2019-09-06T08:46:37","slug":"il-progetto-raffael-favore-di-una-omogeneita-territoriale-e-una-conciliazione-vita-lavoro","status":"publish","type":"news","link":"https:\/\/studiocome.it\/index.php\/news\/il-progetto-raffael-favore-di-una-omogeneita-territoriale-e-una-conciliazione-vita-lavoro\/","title":{"rendered":"Il progetto RAFFAEL a favore di una omogeneit\u00e0 territoriale e una conciliazione vita-lavoro per lavoratrici e lavoratori"},"content":{"rendered":"<p>\u201cA Viterbo si fa tutto dopo Santa Rosa. Questa volta, invece, abbiamo voluto agire prima perch\u00e9 consideriamo il progetto RAFFAEL una grande opportunit\u00e0 che i nostri Comuni debbano cogliere per rendere la Tuscia un modello sul piano del welfare e delle politiche sociali\u201d.<\/p>\n<p>Ha aperto cos\u00ec la giornata di ieri il <strong>Presidente della Provincia di Viterbo, Piero Nocchi<\/strong>, nel corso del convegno che ha visto la presenza di un numero elevato di amministratori locali, imprese e cooperative sociali. Tutti uniti dallo stesso obiettivo: avviare un sistema di welfare territoriale grazie a progetti di conciliazione vita-lavoro che, come sottolineato da <strong>Patrizia Di Santo, CEO e Amministratore Delegato di Studio COME<\/strong>, hanno l\u2019obiettivo di aumentare il benessere e la qualit\u00e0 della vita di donne e uomini del territorio.<\/p>\n<p>Di Santo sottolinea infatti che, a partire dalla direttiva europea sulla conciliazione, il progetto Raffael individua nella condivisione delle responsabilit\u00e0 familiari tra donne e uomini la chiave per ripensare e riorganizzare la conciliazione vita lavoro, che si basa su 2 elementi chiave: la presenza di una rete di servizi di welfare e la riorganizzazione dei tempi di lavoro. Il progetto \u00e8 ormai in fase avanzata di ricerca e analisi dei bisogni del territorio, ad oggi, sono stati raccolti dati fondamentali per capire su quali servizi puntare. Il progetto intende creare sinergia tra welfare pubblico e welfare aziendale puntando alla creazione di un welfare di comunit\u00e0 condiviso da tutti gli attori del territorio. Per questo \u00e8 necessario che tutti gli attori del territorio, &nbsp;Comuni, &nbsp;imprese e associazioni di rappresentanza, enti del Terzo settore partecipino alla fase di co-programmazione &nbsp;con l\u2019obiettivo di avviare la &nbsp;sperimentazione in due distretti della Tuscia.<\/p>\n<p>L\u2019appuntamento del 3 settembre \u00e8 stato organizzato dalla Provincia di Viterbo in collaborazione con i partner del progetto RAFFAEL, un\u2019importante iniziativa volta a sviluppare e promuovere l\u2019innovazione sociale e le politiche per la conciliazione vita-lavoro in due cruciali macro aree della Regione Lazio.<\/p>\n<p>\u201cSul welfare pubblico e aziendale \u2013 \u00e8 intervenuto in videoconferenza il <strong>Presidente del Parlamento Europeo, David Sassoli<\/strong> \u2013 si gioca il futuro della Tuscia ma anche di tutta l\u2019Italia. La Provincia di Viterbo \u00e8 scesa in campo con l\u2019aspirazione di svolgere un ruolo cruciale per la concretizzazione di un progetto che ha il focus di sostenere una politica sociale utile per il benessere e la crescita di tutto il suo territorio\u201d.<\/p>\n<p>\u201cSostenere l\u2019attivit\u00e0 della Provincia di Viterbo significa assicurare un futuro migliore alle lavoratrici, ai lavoratori e alle loro famiglie\u201d, ha concluso Sassoli.<\/p>\n<p>Il convegno ha visto la presenza anche dell\u2019<strong>Assessore Politiche Sociali, Welfare ed Enti Locali, Alessandra Troncarelli<\/strong> che, nel corso del suo intervento ha evidenziato l\u2019importanza di una programmazione finalizzata a garantire una forte omogeneit\u00e0 territoriale dei servizi rivolti soprattutto all\u2019infanzia, ai minori, alla disabilit\u00e0, agli anziani e alle famiglie.<\/p>\n<p>\u201cRAFFAEL rappresenta una grossa opportunit\u00e0 per i nostri territori e le loro comunit\u00e0. Il progetto, attraverso la collaborazione tra pubblico e privato, promuove un nuovo modello sociale di fare e pensare un welfare territoriale\u201d.<\/p>\n<p>Si tratta, pertanto, di un modello dinamico che mette al centro la persona e il suo benessere. Non manca, tra i discorsi dei relatori, la parola co-progettazione. Infatti, RAFFAEL vuole intraprendere un insieme complesso di attivit\u00e0 e processi nei quali associazioni, cooperative sociali, imprese e partner condividono conoscenze e competenze al fine di elaborare e realizzare servizi e soluzioni, raggiungendo obiettivi comuni creando, cos\u00ec, un grande valore a beneficio di tutti i soggetti coinvolti nel progetto, ma soprattutto del territorio.<\/p>\n<p>La Provincia di Viterbo propone, pertanto, per destinare ai suoi cittadini tutti i servizi innovativi individuati dal gruppo di lavoro RTI: dall\u2019istituzione di un operatore di rete impegnato a favorire il rapporto tra il mondo delle imprese e quello degli enti locali alla promozione della figura del maggiordomo interaziendale e di spazi di coworking nelle imprese.<\/p>\n<p>Per fare ci\u00f2, per\u00f2, risulta necessario l\u2019impegno di tutti i Comuni, del mondo della scuola e dell\u2019universit\u00e0, delle imprese e del mondo economico e produttivo per migliorare la condizione delle lavoratrici e dei lavoratori incrementando, cos\u00ec, anche la produttivit\u00e0 del loro lavoro e il benessere delle comunit\u00e0.<\/p>\n","protected":false},"author":3,"featured_media":112,"template":"","meta":{"_acf_changed":false,"neve_meta_sidebar":"","neve_meta_container":"","neve_meta_enable_content_width":"","neve_meta_content_width":0,"neve_meta_title_alignment":"","neve_meta_author_avatar":"","neve_post_elements_order":"","neve_meta_disable_header":"","neve_meta_disable_footer":"","neve_meta_disable_title":"","_themeisle_gutenberg_block_has_review":false,"_ti_tpc_template_sync":false,"_ti_tpc_template_id":""},"tags":[],"aree_d_intervento":[],"class_list":["post-111","news","type-news","status-publish","has-post-thumbnail","hentry"],"acf":[],"_links":{"self":[{"href":"https:\/\/studiocome.it\/index.php\/wp-json\/wp\/v2\/news\/111","targetHints":{"allow":["GET"]}}],"collection":[{"href":"https:\/\/studiocome.it\/index.php\/wp-json\/wp\/v2\/news"}],"about":[{"href":"https:\/\/studiocome.it\/index.php\/wp-json\/wp\/v2\/types\/news"}],"author":[{"embeddable":true,"href":"https:\/\/studiocome.it\/index.php\/wp-json\/wp\/v2\/users\/3"}],"wp:featuredmedia":[{"embeddable":true,"href":"https:\/\/studiocome.it\/index.php\/wp-json\/wp\/v2\/media\/112"}],"wp:attachment":[{"href":"https:\/\/studiocome.it\/index.php\/wp-json\/wp\/v2\/media?parent=111"}],"wp:term":[{"taxonomy":"post_tag","embeddable":true,"href":"https:\/\/studiocome.it\/index.php\/wp-json\/wp\/v2\/tags?post=111"},{"taxonomy":"aree_d_intervento","embeddable":true,"href":"https:\/\/studiocome.it\/index.php\/wp-json\/wp\/v2\/aree_d_intervento?post=111"}],"curies":[{"name":"wp","href":"https:\/\/api.w.org\/{rel}","templated":true}]}}