{"id":97,"date":"2017-01-05T10:20:24","date_gmt":"2017-01-05T10:20:24","guid":{"rendered":"https:\/\/studiocome.it\/index.php\/news\/la-direzione-generale-occupazione-affari-sociali-e-inclusione-della-commissione-europea\/"},"modified":"2017-01-05T10:20:24","modified_gmt":"2017-01-05T10:20:24","slug":"la-direzione-generale-occupazione-affari-sociali-e-inclusione-della-commissione-europea","status":"publish","type":"news","link":"https:\/\/studiocome.it\/index.php\/news\/la-direzione-generale-occupazione-affari-sociali-e-inclusione-della-commissione-europea\/","title":{"rendered":"La Direzione Generale Occupazione, Affari Sociali e Inclusione della Commissione Europea sceglie INSPIRE come case-study"},"content":{"rendered":"<p>Uno dei nostri progetti, <a href=\"http:\/\/www.studiocome.it\/content\/inspire-%E2%80%93-innovative-services-fragile-people-rome\"><strong>INSPIRE<\/strong><\/a>, \u00e8 stato selezionato dalla DG Employment come un caso di studio nell&#8217;ambito di una valutazione di medio-termine dell&#8217;<strong>asse di finanziamento EaSI<\/strong>. La selezione si \u00e8 orientata sui progetti in grado di testimoniare la diversit\u00e0 delle attivit\u00e0 e dei contesti finanziati&nbsp;da EaSI. Infatti, l&#8217;obiettivo della valutazione, tuttora in corso, \u00e8 di fornire dati e informazioni che illustrino nella pratica la logica di intervento di EaSI, effettuando una valutazione e offrendo uno spunto per migliorare eventualmente il programma e la sua realizzazione.&nbsp;In particolare, la valutazione si \u00e8 concentrata sugli aspetti di <strong>rilevanza, efficacia, efficienza e coerenza rispetto agli obiettivi progettuali<\/strong>, insieme alla potenzialit\u00e0 di generare un valore aggiunto per l&#8217;UE.<\/p>\n<p>Il <strong>Programma per l&#8217;occupazione e l&#8217;innovazione sociale<\/strong> EaSI, gestito direttamente dalla Commissione Europea, \u00e8 uno dei principali strumenti di finanziamento per sostenere le riforme occupazionali e sociali in UE. Per questo motivo,&nbsp;abbiamo voluto fornire un ulteriore feedback anche attraverso la consultazione pubblica di valutazione&nbsp;di EaSI, disponibile e aperto alla compilazione sul sito della <strong>DG Employment, Social Affairs and Inclusion<\/strong>.<\/p>\n<p>Per maggiori informazioni sui nostri lavori, consulta la <a href=\"http:\/\/www.studiocome.it\/node\/127\" target=\"_blank\">sezione dedicata ai progetti<\/a>.<\/p>\n","protected":false},"author":3,"featured_media":98,"template":"","meta":{"_acf_changed":false,"neve_meta_sidebar":"","neve_meta_container":"","neve_meta_enable_content_width":"","neve_meta_content_width":0,"neve_meta_title_alignment":"","neve_meta_author_avatar":"","neve_post_elements_order":"","neve_meta_disable_header":"","neve_meta_disable_footer":"","neve_meta_disable_title":"","_themeisle_gutenberg_block_has_review":false,"_ti_tpc_template_sync":false,"_ti_tpc_template_id":""},"tags":[],"aree_d_intervento":[],"class_list":["post-97","news","type-news","status-publish","has-post-thumbnail","hentry"],"acf":[],"_links":{"self":[{"href":"https:\/\/studiocome.it\/index.php\/wp-json\/wp\/v2\/news\/97","targetHints":{"allow":["GET"]}}],"collection":[{"href":"https:\/\/studiocome.it\/index.php\/wp-json\/wp\/v2\/news"}],"about":[{"href":"https:\/\/studiocome.it\/index.php\/wp-json\/wp\/v2\/types\/news"}],"author":[{"embeddable":true,"href":"https:\/\/studiocome.it\/index.php\/wp-json\/wp\/v2\/users\/3"}],"wp:featuredmedia":[{"embeddable":true,"href":"https:\/\/studiocome.it\/index.php\/wp-json\/wp\/v2\/media\/98"}],"wp:attachment":[{"href":"https:\/\/studiocome.it\/index.php\/wp-json\/wp\/v2\/media?parent=97"}],"wp:term":[{"taxonomy":"post_tag","embeddable":true,"href":"https:\/\/studiocome.it\/index.php\/wp-json\/wp\/v2\/tags?post=97"},{"taxonomy":"aree_d_intervento","embeddable":true,"href":"https:\/\/studiocome.it\/index.php\/wp-json\/wp\/v2\/aree_d_intervento?post=97"}],"curies":[{"name":"wp","href":"https:\/\/api.w.org\/{rel}","templated":true}]}}